{"id":302,"date":"2005-04-10T18:43:44","date_gmt":"2005-04-10T17:43:44","guid":{"rendered":"\/?p=302"},"modified":"2005-04-10T18:43:44","modified_gmt":"2005-04-10T17:43:44","slug":"familie","status":"publish","type":"post","link":"https:\/\/www.ivo-s.de\/wp\/archives\/2005\/04\/10\/familie\/","title":{"rendered":"Familie"},"content":{"rendered":"<p>Nochwas:<\/p>\n<p>Ich habe von meinem guten Freund Olli ein paar sehr sch\u00f6ne DVDs bekommen. Alles Musik. The Cure, Pearl Jam, Nirvana. Einen Teil einer The-Cure-DVD haben ich schon bei ihm angesehen, den Rest hat er mir mitgegeben.<\/p>\n<p>Jetzt habe ich nur noch ein Problem: Wann soll ich die Teile ansehen?<\/p>\n<p>Versuch 1: Heute Mittag. Nachdem ich aufgewaschen hatte und die Kinder im Bett waren nahm ich mir die erste DVD vor. 20 Minuten sp\u00e4ter waren die Kinder auf und wir fuhren zu meinen Eltern. Gut, 20 Minuten geschafft.<\/p>\n<p>Versuch 2: Heute Abend. Wir kamen gegen 18:30 Uhr von unserem Wochenendbesuch wieder. Ich schnell hoch, Jacke aus. Noch 45 bis &#8222;Nur die Liebe z\u00e4hlt&#8220;. Ohne diese Sendung gibt es f\u00fcr meine Frau kein gelungenes Wochenende :-( Ich hatte gerade den DVD-Player an und mir es im zuf\u00e4llig unbenutzen bequemeren der beiden Sessel zurechtgemacht, waren die Kinder auch schon fertig mit Wachen und Lisa meinte: &#8222;Mannmann&#8220;. Das hei\u00dft Sandmann und f\u00fcr mich umschalten. Ok. Das waren wieder 15 Minuten.<\/p>\n<p>Olli, wenn das so weiter geht, dann bekommst du deine DVDs nicht vor Ostern wieder.<\/p>\n<p>Ich habe mir schon einen Stapel angelegt, mit Dingen, die ich machen will, wenn ich die Kinder aus dem Haus vertrieben habe. Bis jetzt f\u00fcllt er ca. 250 Stockwerke hoch und hat die Grundfl\u00e4che von 1,4E+13 Fussballfeldern.<\/p>\n<p>Meinen Sohn habe ich jetzt aber mental schon so weit, dass er aus der achten Klasse abgehen will und sich sein Geld als Goldsch\u00fcrfer in Kanada verdienen will. Gut, das sind noch sieben Jahre. Aber besser als ein 34-semestriges Germanistik-Studium.<\/p>\n<p>Ich wei\u00df nur nicht, was ich mit Lisa mache. Reich verheiraten oder Kloster. Das sind die beiden Sachen, die mir zur Zeit im Kopf rumschwirren. Heiraten darf man &#8212; mit Einwilligung der Eltern (&#8230; und meine hat sie) &#8212; mit 16 Jahren. Mit welchem Alter darf man eigentlich ins Kloster?<\/p>\n<p>Mal sehen. Anregungen bitte per Mail :-) Der Jugendschutz lie\u00dft mit &#8230;<\/p>\n","protected":false},"excerpt":{"rendered":"<p>Nochwas: Ich habe von meinem guten Freund Olli ein paar sehr sch\u00f6ne DVDs bekommen. Alles Musik. The Cure, Pearl Jam, Nirvana. Einen Teil einer The-Cure-DVD haben ich schon bei ihm angesehen, den Rest hat er mir mitgegeben. Jetzt habe ich nur noch ein Problem: Wann soll ich die Teile ansehen? Versuch 1: Heute Mittag. Nachdem &hellip; <a href=\"https:\/\/www.ivo-s.de\/wp\/archives\/2005\/04\/10\/familie\/\" class=\"more-link\"><span class=\"screen-reader-text\">Familie<\/span> weiterlesen<\/a><\/p>\n","protected":false},"author":2,"featured_media":0,"comment_status":"open","ping_status":"open","sticky":false,"template":"","format":"standard","meta":{"footnotes":""},"categories":[5],"tags":[],"class_list":["post-302","post","type-post","status-publish","format-standard","hentry","category-schnick"],"_links":{"self":[{"href":"https:\/\/www.ivo-s.de\/wp\/wp-json\/wp\/v2\/posts\/302","targetHints":{"allow":["GET"]}}],"collection":[{"href":"https:\/\/www.ivo-s.de\/wp\/wp-json\/wp\/v2\/posts"}],"about":[{"href":"https:\/\/www.ivo-s.de\/wp\/wp-json\/wp\/v2\/types\/post"}],"author":[{"embeddable":true,"href":"https:\/\/www.ivo-s.de\/wp\/wp-json\/wp\/v2\/users\/2"}],"replies":[{"embeddable":true,"href":"https:\/\/www.ivo-s.de\/wp\/wp-json\/wp\/v2\/comments?post=302"}],"version-history":[{"count":0,"href":"https:\/\/www.ivo-s.de\/wp\/wp-json\/wp\/v2\/posts\/302\/revisions"}],"wp:attachment":[{"href":"https:\/\/www.ivo-s.de\/wp\/wp-json\/wp\/v2\/media?parent=302"}],"wp:term":[{"taxonomy":"category","embeddable":true,"href":"https:\/\/www.ivo-s.de\/wp\/wp-json\/wp\/v2\/categories?post=302"},{"taxonomy":"post_tag","embeddable":true,"href":"https:\/\/www.ivo-s.de\/wp\/wp-json\/wp\/v2\/tags?post=302"}],"curies":[{"name":"wp","href":"https:\/\/api.w.org\/{rel}","templated":true}]}}