{"id":305,"date":"2005-04-19T18:53:10","date_gmt":"2005-04-19T17:53:10","guid":{"rendered":"\/?p=305"},"modified":"2005-04-19T18:53:10","modified_gmt":"2005-04-19T17:53:10","slug":"susse-edelsteine","status":"publish","type":"post","link":"https:\/\/www.ivo-s.de\/wp\/archives\/2005\/04\/19\/susse-edelsteine\/","title":{"rendered":"S\u00fc\u00dfe Edelsteine"},"content":{"rendered":"<p>Ich habe mir die CD von Adam Green nicht gekauft. Alle Welt hat sie in den Himmel gehoben. Das ist ein Grund f\u00fcr mich &#8212; wenn auch meinem Naturell nicht entsprechend, nicht nach pragmatischen Ma\u00dfst\u00e4ben &#8212; die CD nicht zu kaufen.<\/p>\n<p>Jetzt sind mir einige Dateien zugespielt worden, die den Inhalt der CD widerspiegeln. Ich habe sie mir angeh\u00f6rt.<\/p>\n<p>Mein Urteil: Zuckers\u00fc\u00df! Zu s\u00fc\u00df! Klingt wie von einem besoffenen Clown vorgetragen. Nicht so recht mein Fall. Den Text verstehe ich auch nicht. Hat das etwas von Operette? Ich wei\u00df nicht.<\/p>\n<p>Vielleicht wenn die vielen Tempowechsel nicht drin w\u00e4ren &#8230;<\/p>\n<p>Obwohl, jetzt, wenn ich sie mir mal richtig anh\u00f6re sind ein paar gute Sachen dabei. Die Instrumentierung gef\u00e4llt mir. Einige Melodiefetzen sind auch nicht \u00fcbel.<\/p>\n<p>Ich habe keine Ahnung. Ich wei\u00df. Sarah Kuttner (sp?) irrt nicht!<\/p>\n","protected":false},"excerpt":{"rendered":"<p>Ich habe mir die CD von Adam Green nicht gekauft. Alle Welt hat sie in den Himmel gehoben. Das ist ein Grund f\u00fcr mich &#8212; wenn auch meinem Naturell nicht entsprechend, nicht nach pragmatischen Ma\u00dfst\u00e4ben &#8212; die CD nicht zu kaufen. Jetzt sind mir einige Dateien zugespielt worden, die den Inhalt der CD widerspiegeln. Ich &hellip; <a href=\"https:\/\/www.ivo-s.de\/wp\/archives\/2005\/04\/19\/susse-edelsteine\/\" class=\"more-link\"><span class=\"screen-reader-text\">S\u00fc\u00dfe Edelsteine<\/span> weiterlesen<\/a><\/p>\n","protected":false},"author":2,"featured_media":0,"comment_status":"open","ping_status":"open","sticky":false,"template":"","format":"standard","meta":{"footnotes":""},"categories":[6],"tags":[],"class_list":["post-305","post","type-post","status-publish","format-standard","hentry","category-musik"],"_links":{"self":[{"href":"https:\/\/www.ivo-s.de\/wp\/wp-json\/wp\/v2\/posts\/305","targetHints":{"allow":["GET"]}}],"collection":[{"href":"https:\/\/www.ivo-s.de\/wp\/wp-json\/wp\/v2\/posts"}],"about":[{"href":"https:\/\/www.ivo-s.de\/wp\/wp-json\/wp\/v2\/types\/post"}],"author":[{"embeddable":true,"href":"https:\/\/www.ivo-s.de\/wp\/wp-json\/wp\/v2\/users\/2"}],"replies":[{"embeddable":true,"href":"https:\/\/www.ivo-s.de\/wp\/wp-json\/wp\/v2\/comments?post=305"}],"version-history":[{"count":0,"href":"https:\/\/www.ivo-s.de\/wp\/wp-json\/wp\/v2\/posts\/305\/revisions"}],"wp:attachment":[{"href":"https:\/\/www.ivo-s.de\/wp\/wp-json\/wp\/v2\/media?parent=305"}],"wp:term":[{"taxonomy":"category","embeddable":true,"href":"https:\/\/www.ivo-s.de\/wp\/wp-json\/wp\/v2\/categories?post=305"},{"taxonomy":"post_tag","embeddable":true,"href":"https:\/\/www.ivo-s.de\/wp\/wp-json\/wp\/v2\/tags?post=305"}],"curies":[{"name":"wp","href":"https:\/\/api.w.org\/{rel}","templated":true}]}}