{"id":411,"date":"2005-11-16T12:18:17","date_gmt":"2005-11-16T11:18:17","guid":{"rendered":"http:\/\/www.ivo-s.de\/wp\/archives\/2005\/11\/16\/top-meldung\/"},"modified":"2005-11-29T20:00:03","modified_gmt":"2005-11-29T19:00:03","slug":"top-meldung","status":"publish","type":"post","link":"https:\/\/www.ivo-s.de\/wp\/archives\/2005\/11\/16\/top-meldung\/","title":{"rendered":"TOP-MELDUNG!"},"content":{"rendered":"<p>> [&#8230;] Damit w\u00e4re der Brandenburger nach Darstellung der Zeitung der erste Bundesvorsitzende der SPD, der das Amt unverheiratet aus\u00fcbt. [&#8230;]<\/p>\n<p>Ja, Wahnsinn!<\/p>\n<p>[Genossen tr\u00e4umen schon von Kanzler Platzeck](http:\/\/www.spiegel.de\/politik\/deutschland\/0,1518,385185,00.html)<\/p>\n","protected":false},"excerpt":{"rendered":"<p>> [&#8230;] Damit w\u00e4re der Brandenburger nach Darstellung der Zeitung der erste Bundesvorsitzende der SPD, der das Amt unverheiratet aus\u00fcbt. [&#8230;] Ja, Wahnsinn! [Genossen tr\u00e4umen schon von Kanzler Platzeck](http:\/\/www.spiegel.de\/politik\/deutschland\/0,1518,385185,00.html)<\/p>\n","protected":false},"author":2,"featured_media":0,"comment_status":"open","ping_status":"open","sticky":false,"template":"","format":"standard","meta":{"footnotes":""},"categories":[5],"tags":[],"class_list":["post-411","post","type-post","status-publish","format-standard","hentry","category-schnick"],"_links":{"self":[{"href":"https:\/\/www.ivo-s.de\/wp\/wp-json\/wp\/v2\/posts\/411","targetHints":{"allow":["GET"]}}],"collection":[{"href":"https:\/\/www.ivo-s.de\/wp\/wp-json\/wp\/v2\/posts"}],"about":[{"href":"https:\/\/www.ivo-s.de\/wp\/wp-json\/wp\/v2\/types\/post"}],"author":[{"embeddable":true,"href":"https:\/\/www.ivo-s.de\/wp\/wp-json\/wp\/v2\/users\/2"}],"replies":[{"embeddable":true,"href":"https:\/\/www.ivo-s.de\/wp\/wp-json\/wp\/v2\/comments?post=411"}],"version-history":[{"count":0,"href":"https:\/\/www.ivo-s.de\/wp\/wp-json\/wp\/v2\/posts\/411\/revisions"}],"wp:attachment":[{"href":"https:\/\/www.ivo-s.de\/wp\/wp-json\/wp\/v2\/media?parent=411"}],"wp:term":[{"taxonomy":"category","embeddable":true,"href":"https:\/\/www.ivo-s.de\/wp\/wp-json\/wp\/v2\/categories?post=411"},{"taxonomy":"post_tag","embeddable":true,"href":"https:\/\/www.ivo-s.de\/wp\/wp-json\/wp\/v2\/tags?post=411"}],"curies":[{"name":"wp","href":"https:\/\/api.w.org\/{rel}","templated":true}]}}